{"id":4045,"date":"2025-08-04T11:12:38","date_gmt":"2025-08-04T09:12:38","guid":{"rendered":"https:\/\/Sorakersfolketshus.se\/?p=4045"},"modified":"2025-08-04T11:13:38","modified_gmt":"2025-08-04T09:13:38","slug":"4045","status":"publish","type":"post","link":"https:\/\/Sorakersfolketshus.se\/?p=4045","title":{"rendered":"Ny operas\u00e4song fr\u00e5n Met i New York 2025-2026"},"content":{"rendered":"<h1>Ny s\u00e4song av opera p\u00e5 bio fr\u00e5n Met i New York \u2013 S\u00f6r\u00e5kers Folkets Hus\u00a0 presenterar s\u00e4songen 2025-2026<\/h1>\n<p>&nbsp;<\/p>\n<h4><strong>Biljettsl\u00e4pp Onsdag 27 aug kl 09.00!\u00a0 Boka via 060-400 73 eller info@sorakersfolketshus.se\u00a0<\/strong><\/h4>\n<div class=\"entry-content\">\n<p class=\"preamble\">I denna 19:e s\u00e4song av opera p\u00e5 bio forts\u00e4tter Met att presentera dj\u00e4rva nya verk och hyllade upps\u00e4ttningar av klassiska repertoarverk, med m\u00e5nga av v\u00e4rldens fr\u00e4msta s\u00e5ngare, regiss\u00f6rer, dirigenter och scenografer. Mets Live p\u00e5 bio-serie inneh\u00e5ller \u00e5tta lives\u00e4nda f\u00f6rest\u00e4llningar till biografer \u00f6ver hela v\u00e4rlden. S\u00e4songen inleds 18 oktober med Bellinis La Sonnambula.<\/p>\n<p>\u201dVi \u00e4r entusiastiska \u00f6ver v\u00e5r varierade s\u00e4song 2025\u201326, som b\u00f6r gl\u00e4dja b\u00e5de erfarna operabes\u00f6kare och de nya publikgrupper vi vill locka,\u201d s\u00e4ger Peter Gelb, Mets generaldirekt\u00f6r. \u201dI dessa os\u00e4kra tider hoppas vi att v\u00e5ra f\u00f6rest\u00e4llningar kan erbjuda tr\u00f6st \u00e5t en v\u00e4rld som verkligen beh\u00f6ver det.\u201d<\/p>\n<p>\u2013 Den 19:e s\u00e4songen av h\u00f6gklassig opera fr\u00e5n Met k\u00e4nns sp\u00e4nnande att g\u00f6ra l\u00e4ttillg\u00e4nglig i hela Sverige, fr\u00e5n Ystad till Haparanda. F\u00f6r oss \u00e4r det en viktig demokratisatsning att erbjuda scenkonst till alla i Sverige, oavsett var de bor, s\u00e4ger Nina Andersson, vd Folkets Hus och Parker.<\/p>\n<p>Bellinis\u00a0<em>La Sonnambula<\/em>\u00a0kickar ig\u00e5ng s\u00e4songen som forts\u00e4tter med Puccinis\u00a0<em>La Boh\u00e8me<\/em>\u00a0(8 november 2025), Strauss\u00a0<em>Arabella<\/em>\u00a0(22 november 2025), Giordanos\u00a0<em>Andrea Ch\u00e9nier<\/em>\u00a0(13 december 2025), Bellinis\u00a0<em>I Puritani<\/em>\u00a0(10 januari 2026), Wagners\u00a0<em>Tristan och Isolde<\/em>\u00a0(21 mars 2026), Tjajkovskijs\u00a0<em>Eugen Onegin<\/em>\u00a0(2 maj 2026) och Gabriela Lena Franks\u00a0<em>Frida och Diegos sista dr\u00f6m<\/em>\u00a0(30 maj 2026).<\/p>\n<p>Den amerikanska tons\u00e4ttaren Gabriela Lena Frank g\u00f6r sin Met-debut med sin f\u00f6rsta opera,\u00a0<em>Frida och Diegos sista dr\u00f6m<\/em>\u00a0\u2013 ett magisk-realistiskt portr\u00e4tt av Mexikos ikoniska konstn\u00e4rspar Frida Kahlo och Diego Rivera, med libretto av Pulitzerprisbel\u00f6nade dramatikern Nilo Cruz.<\/p>\n<p>&nbsp;<\/p>\n<h2><strong>2025\u20132026 Live p\u00e5 bio fr\u00e5n Met:<\/strong><\/h2>\n<p><strong><br \/>\n<\/strong><strong><em>La Sonnambula- <\/em><\/strong>L\u00f6rdag 18 oktober<\/p>\n<p><strong><em><br \/>\n<\/em><\/strong><strong><em>La Boh\u00e8me &#8211; <\/em><\/strong>L\u00f6rdag 8 november.Extraf\u00f6rest\u00e4llning Tisdag 11 november<\/p>\n<p><strong><em><br \/>\n<\/em><\/strong><strong><em>Arabella-\u00a0 <\/em><\/strong>L\u00f6rdag 22 november<\/p>\n<p><strong><em><br \/>\n<\/em><\/strong><strong><em>Andrea Ch\u00e9nier &#8211;\u00a0<\/em><\/strong> Tisdag 16 december<\/p>\n<p><strong><em><br \/>\n<\/em><\/strong><strong><em>I Puritani &#8211;<\/em><\/strong> L\u00f6rdag 10 januari<\/p>\n<p><strong><em><br \/>\n<\/em><\/strong><strong><em>Tristan och Isolde &#8211; <\/em><\/strong>L\u00f6rdag 21 mars. Extraf\u00f6rest\u00e4llning Tisdag 24 mars<\/p>\n<p><strong><em><br \/>\n<\/em><\/strong><strong><em>Eugen Onegin &#8211; <\/em><\/strong>L\u00f6rdag 2 maj . Extraf\u00f6rest\u00e4llning Tisdag 5 maj<\/p>\n<p><strong><em><br \/>\n<\/em><\/strong><strong><em>Frida och Diegos sista dr\u00f6m &#8211;<\/em><\/strong> L\u00f6rdag 30 maj. Extraf\u00f6rest\u00e4llning Tisdag 2 juni\u00a0<strong><br \/>\n<\/strong><\/p>\n<\/div>\n<p>&nbsp;<\/p>\n<p><strong>BILJETTPRISER:<\/strong><br \/>\nBiljetter ord. f\u00f6rest\u00e4llning: 280 kr<br \/>\nBiljetter skolungdom: 100 kr<br \/>\nExtraf\u00f6rest\u00e4llning: 250 kr<br \/>\nAbonnemang: minst 5 f\u00f6rest = 250 kr\/fst<br \/>\nOperabuff\u00e9: 250 kr\/pers<\/p>\n<p><strong>BILJETTSL\u00c4PP: Onsdag 27 augusti kl 09.00<\/strong><\/p>\n<p>K\u00f6p och boka dina biljetter p\u00e5: 060-400 73 eller info@sorakersfolketshus.se<\/p>\n<p><strong>BETALNING:<\/strong><br \/>\nBG 332-6261 eller PG 34 67 87-5 \/ swish 123 034 67 75<br \/>\nAnge ditt NAMN &amp; f\u00f6rest\u00e4llningens DATUM p\u00e5 inbetalningen.<br \/>\nBekr\u00e4ftelse f\u00e5r du via mail.<\/p>\n<p>Vi g\u00f6r INGA \u00e5terk\u00f6p, men till\u00e5ter vidaref\u00f6rs\u00e4ljning.<br \/>\nVid fullsatta f\u00f6rest\u00e4llningar kan vi hj\u00e4lpa till att f\u00f6rmedla fr\u00e5n k\u00f6n.<\/p>\n","protected":false},"excerpt":{"rendered":"<p>Ny s\u00e4song av opera p\u00e5 bio fr\u00e5n Met i New York \u2013 S\u00f6r\u00e5kers Folkets Hus\u00a0 presenterar s\u00e4songen 2025-2026 &nbsp; Biljettsl\u00e4pp Onsdag 27 aug kl 09.00!\u00a0 Boka via 060-400 73 eller info@sorakersfolketshus.se\u00a0 I denna 19:e s\u00e4song<\/p>\n","protected":false},"author":4,"featured_media":4046,"comment_status":"closed","ping_status":"open","sticky":false,"template":"","format":"standard","meta":{"footnotes":""},"categories":[15,12],"tags":[],"_links":{"self":[{"href":"https:\/\/Sorakersfolketshus.se\/index.php?rest_route=\/wp\/v2\/posts\/4045"}],"collection":[{"href":"https:\/\/Sorakersfolketshus.se\/index.php?rest_route=\/wp\/v2\/posts"}],"about":[{"href":"https:\/\/Sorakersfolketshus.se\/index.php?rest_route=\/wp\/v2\/types\/post"}],"author":[{"embeddable":true,"href":"https:\/\/Sorakersfolketshus.se\/index.php?rest_route=\/wp\/v2\/users\/4"}],"replies":[{"embeddable":true,"href":"https:\/\/Sorakersfolketshus.se\/index.php?rest_route=%2Fwp%2Fv2%2Fcomments&post=4045"}],"version-history":[{"count":8,"href":"https:\/\/Sorakersfolketshus.se\/index.php?rest_route=\/wp\/v2\/posts\/4045\/revisions"}],"predecessor-version":[{"id":4054,"href":"https:\/\/Sorakersfolketshus.se\/index.php?rest_route=\/wp\/v2\/posts\/4045\/revisions\/4054"}],"wp:featuredmedia":[{"embeddable":true,"href":"https:\/\/Sorakersfolketshus.se\/index.php?rest_route=\/wp\/v2\/media\/4046"}],"wp:attachment":[{"href":"https:\/\/Sorakersfolketshus.se\/index.php?rest_route=%2Fwp%2Fv2%2Fmedia&parent=4045"}],"wp:term":[{"taxonomy":"category","embeddable":true,"href":"https:\/\/Sorakersfolketshus.se\/index.php?rest_route=%2Fwp%2Fv2%2Fcategories&post=4045"},{"taxonomy":"post_tag","embeddable":true,"href":"https:\/\/Sorakersfolketshus.se\/index.php?rest_route=%2Fwp%2Fv2%2Ftags&post=4045"}],"curies":[{"name":"wp","href":"https:\/\/api.w.org\/{rel}","templated":true}]}}